{"id":726,"date":"2024-12-12T23:15:14","date_gmt":"2024-12-13T04:15:14","guid":{"rendered":"https:\/\/guille.pe\/blog\/?p=726"},"modified":"2024-12-12T23:19:52","modified_gmt":"2024-12-13T04:19:52","slug":"ayacucho-un-viaje-al-corazon-de-la-libertad-en-el-bicentenario-de-la-batalla-definitiva","status":"publish","type":"post","link":"https:\/\/guille.pe\/blog\/2024\/12\/12\/ayacucho-un-viaje-al-corazon-de-la-libertad-en-el-bicentenario-de-la-batalla-definitiva\/","title":{"rendered":"Ayacucho: Un Viaje al Coraz\u00f3n de la Libertad en el Bicentenario de la Batalla Definitiva"},"content":{"rendered":"\n<p>Del 7 al 10 de diciembre, tuve la oportunidad de realizar un tour a Ayacucho, una ciudad que super\u00f3 todas mis expectativas. Todo comenz\u00f3 con un vuelo desde Lima que, en apenas 30 minutos, me llev\u00f3 a un lugar lleno de historia, cultura y belleza. Al llegar, qued\u00e9 impresionado por la limpieza de la ciudad, sus calles llenas de vida y sobre todo, por la calidez y educaci\u00f3n de su gente.<\/p>\n\n\n\n<p>El motivo principal de mi viaje fue celebrar el bicentenario de la Batalla de Ayacucho, un evento que no solo sell\u00f3 la independencia del Per\u00fa, sino tambi\u00e9n la libertad de toda Sudam\u00e9rica, desde ni\u00f1o siempre me han fascinado los temas hist\u00f3ricos y este en particular, ha sido uno de los m\u00e1s relevantes para m\u00ed. Poder estar presente en un momento tan significativo fue un sue\u00f1o hecho realidad.<\/p>\n\n\n\n<p>Uno de los puntos m\u00e1s destacados de mi experiencia fue visitar el distrito de Quinua, donde se encuentra la hist\u00f3rica Pampa de Ayacucho. All\u00ed, presenci\u00e9 la escenificaci\u00f3n de la batalla, un evento cargado de emoci\u00f3n y simbolismo. Ver representados los sacrificios y la valent\u00eda de quienes lucharon por nuestra libertad fue un recordatorio profundo de la importancia de este hecho hist\u00f3rico.<\/p>\n\n\n\n<p>La ciudad de Ayacucho brill\u00f3 no solo por su historia, sino tambi\u00e9n por su cultura. Durante mi visita, tuve la oportunidad de disfrutar de una feria gastron\u00f3mica que integraba juegos y din\u00e1micas relacionadas con preguntas de historia del bicentenario, lo que me pareci\u00f3 una forma muy acertada de educar y entretener al mismo tiempo. Adem\u00e1s, los monumentos e iglesias hist\u00f3ricas de la ciudad destacaban por su majestuosidad y por ser testimonios vivos del pasado.<\/p>\n\n\n\n<p>La Batalla de Ayacucho marc\u00f3 un antes y un despu\u00e9s, no solo para el Per\u00fa, sino para toda Sudam\u00e9rica. Fue el acto definitivo que puso fin al dominio espa\u00f1ol en la regi\u00f3n. Estar en la Pampa de Ayacucho y caminar por el lugar donde se defini\u00f3 nuestra libertad fue una experiencia \u00fanica, un puente entre el pasado y el presente que me llen\u00f3 de orgullo y reflexi\u00f3n.<\/p>\n\n\n\n<p><strong>Ayacucho <\/strong>es mucho m\u00e1s que un lugar, es el alma de nuestra libertad, el escenario donde se escribi\u00f3 el cap\u00edtulo m\u00e1s trascendental de nuestra historia. En la Pampa de Ayacucho se alz\u00f3 la esperanza con la frase: <strong>\u00ab\u00a1Soldados!, de los esfuerzos de hoy depende la suerte de Am\u00e9rica del Sur, otro d\u00eda de gloria va a coronar vuestra admirable constancia.\u00bb<\/strong> Estas palabras no solo marcaron un d\u00eda de gloria, sino que deber\u00eda vibrar en el coraz\u00f3n de cada peruano, record\u00e1ndonos que el sacrificio y la valent\u00eda pueden cambiar el destino de una naci\u00f3n.<\/p>\n\n\n\n<figure class=\"wp-block-gallery has-nested-images columns-default is-cropped wp-block-gallery-1 is-layout-flex wp-block-gallery-is-layout-flex\">\n<figure class=\"wp-block-image size-large\"><img loading=\"lazy\" decoding=\"async\" width=\"1024\" height=\"768\" data-id=\"727\" src=\"https:\/\/guille.pe\/blog\/wp-content\/uploads\/2024\/12\/IMG_4847-1024x768.jpeg\" alt=\"\" class=\"wp-image-727\" srcset=\"https:\/\/guille.pe\/blog\/wp-content\/uploads\/2024\/12\/IMG_4847-1024x768.jpeg 1024w, https:\/\/guille.pe\/blog\/wp-content\/uploads\/2024\/12\/IMG_4847-300x225.jpeg 300w, https:\/\/guille.pe\/blog\/wp-content\/uploads\/2024\/12\/IMG_4847-768x576.jpeg 768w, https:\/\/guille.pe\/blog\/wp-content\/uploads\/2024\/12\/IMG_4847-1536x1152.jpeg 1536w, https:\/\/guille.pe\/blog\/wp-content\/uploads\/2024\/12\/IMG_4847-600x450.jpeg 600w, https:\/\/guille.pe\/blog\/wp-content\/uploads\/2024\/12\/IMG_4847.jpeg 2048w\" sizes=\"auto, (max-width: 1024px) 100vw, 1024px\" \/><\/figure>\n<\/figure>\n\n\n\n<p><\/p>\n\n\n\n<p><\/p>\n","protected":false},"excerpt":{"rendered":"<p>Del 7 al 10 de diciembre, tuve la oportunidad de realizar un tour a Ayacucho, una ciudad que super\u00f3 todas mis expectativas. Todo comenz\u00f3 con un vuelo desde Lima que,&#8230;<\/p>\n","protected":false},"author":1,"featured_media":0,"comment_status":"open","ping_status":"closed","sticky":false,"template":"","format":"standard","meta":{"footnotes":""},"categories":[1],"tags":[38,73,23,74],"class_list":["post-726","post","type-post","status-publish","format-standard","hentry","category-general","tag-ayacucho","tag-bicentenario-2024","tag-peru","tag-turismo"],"_links":{"self":[{"href":"https:\/\/guille.pe\/blog\/wp-json\/wp\/v2\/posts\/726","targetHints":{"allow":["GET"]}}],"collection":[{"href":"https:\/\/guille.pe\/blog\/wp-json\/wp\/v2\/posts"}],"about":[{"href":"https:\/\/guille.pe\/blog\/wp-json\/wp\/v2\/types\/post"}],"author":[{"embeddable":true,"href":"https:\/\/guille.pe\/blog\/wp-json\/wp\/v2\/users\/1"}],"replies":[{"embeddable":true,"href":"https:\/\/guille.pe\/blog\/wp-json\/wp\/v2\/comments?post=726"}],"version-history":[{"count":2,"href":"https:\/\/guille.pe\/blog\/wp-json\/wp\/v2\/posts\/726\/revisions"}],"predecessor-version":[{"id":730,"href":"https:\/\/guille.pe\/blog\/wp-json\/wp\/v2\/posts\/726\/revisions\/730"}],"wp:attachment":[{"href":"https:\/\/guille.pe\/blog\/wp-json\/wp\/v2\/media?parent=726"}],"wp:term":[{"taxonomy":"category","embeddable":true,"href":"https:\/\/guille.pe\/blog\/wp-json\/wp\/v2\/categories?post=726"},{"taxonomy":"post_tag","embeddable":true,"href":"https:\/\/guille.pe\/blog\/wp-json\/wp\/v2\/tags?post=726"}],"curies":[{"name":"wp","href":"https:\/\/api.w.org\/{rel}","templated":true}]}}